{"id":1765,"date":"2026-04-23T18:43:16","date_gmt":"2026-04-23T22:43:16","guid":{"rendered":"https:\/\/imexcomed.com.bo\/?p=1765"},"modified":"2026-04-23T18:43:16","modified_gmt":"2026-04-23T22:43:16","slug":"encuentro-estrategico-con-especialistas-de-b-braun-aesculap-en-la-paz","status":"publish","type":"post","link":"https:\/\/imexcomed.com.bo\/index.php\/2026\/04\/23\/encuentro-estrategico-con-especialistas-de-b-braun-aesculap-en-la-paz\/","title":{"rendered":"Encuentro Estrat\u00e9gico con Especialistas de B. Braun &#8211; Aesculap en La Paz"},"content":{"rendered":"<p><img loading=\"lazy\" decoding=\"async\" class=\"wp-image-1768 alignleft\" src=\"https:\/\/imexcomed.com.bo\/wp-content\/uploads\/2026\/04\/Noticia-1-Foto1-300x225.jpg\" alt=\"\" width=\"402\" height=\"301\" \/>Los d\u00edas 26 y 27 de febrero, IMEXCOMED S.R.L. realiz\u00f3 en La Paz, Bolivia un encuentro de trabajo junto a representantes de la divisi\u00f3n Aesculap de B. Braun, enfocado en la revisi\u00f3n de productos, el intercambio de conocimientos t\u00e9cnicos y el an\u00e1lisis de estrategias comerciales.<\/p>\n<p>La reuni\u00f3n cont\u00f3 con la participaci\u00f3n de Felipe Serrano y Lina De Silvestri, quienes compartieron informaci\u00f3n actualizada sobre el Portafolio de Soluciones y acompa\u00f1aron diferentes sesiones de trabajo con los Equipos de la Empresa.<\/p>\n<p>Durante los dos d\u00edas participaron integrantes del equipo de ventas de todas nuestras sucursales junto con nuestro equipo de servicio t\u00e9cnico, generando un espacio de di\u00e1logo y coordinaci\u00f3n orientado a fortalecer el conocimiento del portafolio, revisar oportunidades de desarrollo y optimizar la gesti\u00f3n comercial.<\/p>\n<p>Este tipo de encuentros permiten alinear criterios entre los distintos equipos y reforzar la colaboraci\u00f3n con nuestros socios internacionales, contribuyendo al fortalecimiento de las capacidades de IMEXCOMED S.R.L. y a la mejora continua del servicio que brindamos al sector de la salud en Bolivia.<\/p>\n<table>\n<tbody>\n<tr>\n<td><img loading=\"lazy\" decoding=\"async\" class=\"aligncenter wp-image-1770 size-large\" src=\"https:\/\/imexcomed.com.bo\/wp-content\/uploads\/2026\/04\/Noticia-1-Foto3-1024x768.jpg\" alt=\"\" width=\"1024\" height=\"768\" srcset=\"https:\/\/imexcomed.com.bo\/wp-content\/uploads\/2026\/04\/Noticia-1-Foto3-1024x768.jpg 1024w, https:\/\/imexcomed.com.bo\/wp-content\/uploads\/2026\/04\/Noticia-1-Foto3-980x735.jpg 980w, https:\/\/imexcomed.com.bo\/wp-content\/uploads\/2026\/04\/Noticia-1-Foto3-480x360.jpg 480w\" sizes=\"(min-width: 0px) and (max-width: 480px) 480px, (min-width: 481px) and (max-width: 980px) 980px, (min-width: 981px) 1024px, 100vw\" \/><\/td>\n<td><img loading=\"lazy\" decoding=\"async\" class=\"aligncenter wp-image-1769 size-large\" src=\"https:\/\/imexcomed.com.bo\/wp-content\/uploads\/2026\/04\/Noticia-1-Foto2-1024x768.jpg\" alt=\"\" width=\"1024\" height=\"768\" srcset=\"https:\/\/imexcomed.com.bo\/wp-content\/uploads\/2026\/04\/Noticia-1-Foto2-1024x768.jpg 1024w, https:\/\/imexcomed.com.bo\/wp-content\/uploads\/2026\/04\/Noticia-1-Foto2-980x735.jpg 980w, https:\/\/imexcomed.com.bo\/wp-content\/uploads\/2026\/04\/Noticia-1-Foto2-480x360.jpg 480w\" sizes=\"(min-width: 0px) and (max-width: 480px) 480px, (min-width: 481px) and (max-width: 980px) 980px, (min-width: 981px) 1024px, 100vw\" \/><\/td>\n<\/tr>\n<\/tbody>\n<\/table>\n","protected":false},"excerpt":{"rendered":"<p>Los d\u00edas 26 y 27 de febrero, IMEXCOMED S.R.L. realiz\u00f3 en La Paz, Bolivia un encuentro de trabajo junto a representantes de la divisi\u00f3n Aesculap de B. Braun, enfocado en la revisi\u00f3n de productos, el intercambio de conocimientos t\u00e9cnicos y el an\u00e1lisis de estrategias comerciales.<\/p>\n","protected":false},"author":2,"featured_media":1768,"comment_status":"open","ping_status":"open","sticky":false,"template":"","format":"standard","meta":{"footnotes":""},"categories":[9],"tags":[],"class_list":["post-1765","post","type-post","status-publish","format-standard","has-post-thumbnail","hentry","category-noticias"],"_links":{"self":[{"href":"https:\/\/imexcomed.com.bo\/index.php\/wp-json\/wp\/v2\/posts\/1765","targetHints":{"allow":["GET"]}}],"collection":[{"href":"https:\/\/imexcomed.com.bo\/index.php\/wp-json\/wp\/v2\/posts"}],"about":[{"href":"https:\/\/imexcomed.com.bo\/index.php\/wp-json\/wp\/v2\/types\/post"}],"author":[{"embeddable":true,"href":"https:\/\/imexcomed.com.bo\/index.php\/wp-json\/wp\/v2\/users\/2"}],"replies":[{"embeddable":true,"href":"https:\/\/imexcomed.com.bo\/index.php\/wp-json\/wp\/v2\/comments?post=1765"}],"version-history":[{"count":3,"href":"https:\/\/imexcomed.com.bo\/index.php\/wp-json\/wp\/v2\/posts\/1765\/revisions"}],"predecessor-version":[{"id":1771,"href":"https:\/\/imexcomed.com.bo\/index.php\/wp-json\/wp\/v2\/posts\/1765\/revisions\/1771"}],"wp:featuredmedia":[{"embeddable":true,"href":"https:\/\/imexcomed.com.bo\/index.php\/wp-json\/wp\/v2\/media\/1768"}],"wp:attachment":[{"href":"https:\/\/imexcomed.com.bo\/index.php\/wp-json\/wp\/v2\/media?parent=1765"}],"wp:term":[{"taxonomy":"category","embeddable":true,"href":"https:\/\/imexcomed.com.bo\/index.php\/wp-json\/wp\/v2\/categories?post=1765"},{"taxonomy":"post_tag","embeddable":true,"href":"https:\/\/imexcomed.com.bo\/index.php\/wp-json\/wp\/v2\/tags?post=1765"}],"curies":[{"name":"wp","href":"https:\/\/api.w.org\/{rel}","templated":true}]}}